{"id":17,"date":"2024-01-19T10:40:00","date_gmt":"2024-01-19T09:40:00","guid":{"rendered":"http:\/\/walden.localhost\/blog\/?p=17"},"modified":"2024-05-29T14:44:14","modified_gmt":"2024-05-29T12:44:14","slug":"numeriques-notre-voyage-detude-se-prepare","status":"publish","type":"post","link":"https:\/\/dev.collectifwalden.com\/blog\/numeriques-notre-voyage-detude-se-prepare\/","title":{"rendered":"#NUM\u00c9RIQUES Notre voyage d&rsquo;\u00e9tude se pr\u00e9pare !"},"content":{"rendered":"\n<figure class=\"wp-block-image size-large is-resized\"><a href=\"https:\/\/regard-est.com\/estonie-la-societe-numerique-la-plus-avancee-du-monde\" target=\"_blank\" rel=\"noreferrer noopener\"><img loading=\"lazy\" decoding=\"async\" width=\"1024\" height=\"683\" src=\"https:\/\/dev.collectifwalden.com\/blog\/wp-content\/uploads\/2024\/05\/23-03-EE-Digital-L-Terriou-1024x683.jpg\" alt=\"\" class=\"wp-image-18\" style=\"width:720px;height:auto\" srcset=\"https:\/\/dev.collectifwalden.com\/blog\/wp-content\/uploads\/2024\/05\/23-03-EE-Digital-L-Terriou-1024x683.jpg 1024w, https:\/\/dev.collectifwalden.com\/blog\/wp-content\/uploads\/2024\/05\/23-03-EE-Digital-L-Terriou-300x200.jpg 300w, https:\/\/dev.collectifwalden.com\/blog\/wp-content\/uploads\/2024\/05\/23-03-EE-Digital-L-Terriou.jpg 1200w\" sizes=\"auto, (max-width: 1024px) 100vw, 1024px\" \/><\/a><\/figure>\n\n\n\n<p>Du 11 au 16\/02\/2024, le groupe de travail #NUM\u00c9RIQUES se rendra en E-ESTONIE, la soci\u00e9t\u00e9 num\u00e9rique la plus avanc\u00e9e du monde !<\/p>\n","protected":false},"excerpt":{"rendered":"<p>Du 11 au 16\/02\/2024, le groupe de travail #NUM\u00c9RIQUES se rendra en E-ESTONIE, la soci\u00e9t\u00e9 num\u00e9rique la plus avanc\u00e9e du monde !<\/p>\n","protected":false},"author":2,"featured_media":18,"comment_status":"closed","ping_status":"open","sticky":false,"template":"","format":"standard","meta":{"footnotes":""},"categories":[3],"tags":[],"class_list":["post-17","post","type-post","status-publish","format-standard","has-post-thumbnail","hentry","category-actus"],"_links":{"self":[{"href":"https:\/\/dev.collectifwalden.com\/blog\/wp-json\/wp\/v2\/posts\/17","targetHints":{"allow":["GET"]}}],"collection":[{"href":"https:\/\/dev.collectifwalden.com\/blog\/wp-json\/wp\/v2\/posts"}],"about":[{"href":"https:\/\/dev.collectifwalden.com\/blog\/wp-json\/wp\/v2\/types\/post"}],"author":[{"embeddable":true,"href":"https:\/\/dev.collectifwalden.com\/blog\/wp-json\/wp\/v2\/users\/2"}],"replies":[{"embeddable":true,"href":"https:\/\/dev.collectifwalden.com\/blog\/wp-json\/wp\/v2\/comments?post=17"}],"version-history":[{"count":4,"href":"https:\/\/dev.collectifwalden.com\/blog\/wp-json\/wp\/v2\/posts\/17\/revisions"}],"predecessor-version":[{"id":26,"href":"https:\/\/dev.collectifwalden.com\/blog\/wp-json\/wp\/v2\/posts\/17\/revisions\/26"}],"wp:featuredmedia":[{"embeddable":true,"href":"https:\/\/dev.collectifwalden.com\/blog\/wp-json\/wp\/v2\/media\/18"}],"wp:attachment":[{"href":"https:\/\/dev.collectifwalden.com\/blog\/wp-json\/wp\/v2\/media?parent=17"}],"wp:term":[{"taxonomy":"category","embeddable":true,"href":"https:\/\/dev.collectifwalden.com\/blog\/wp-json\/wp\/v2\/categories?post=17"},{"taxonomy":"post_tag","embeddable":true,"href":"https:\/\/dev.collectifwalden.com\/blog\/wp-json\/wp\/v2\/tags?post=17"}],"curies":[{"name":"wp","href":"https:\/\/api.w.org\/{rel}","templated":true}]}}