{"id":35,"date":"2024-12-19T17:52:47","date_gmt":"2024-12-19T16:52:47","guid":{"rendered":"https:\/\/dev.collectifwalden.com\/blog\/?p=35"},"modified":"2024-12-19T17:52:47","modified_gmt":"2024-12-19T16:52:47","slug":"%e2%9c%a8-justice-digitale-estonie-%e2%9a%96%ef%b8%8f%f0%9f%87%aa%f0%9f%87%aa","status":"publish","type":"post","link":"https:\/\/dev.collectifwalden.com\/blog\/%e2%9c%a8-justice-digitale-estonie-%e2%9a%96%ef%b8%8f%f0%9f%87%aa%f0%9f%87%aa\/","title":{"rendered":"\u2728 Justice Digitale &amp; Estonie \u2696\ufe0f\ud83c\uddea\ud83c\uddea"},"content":{"rendered":"\n<p>Explorons ensemble les cl\u00e9s du succ\u00e8s Estonien avec un retour en images sur notre dernier voyage d&rsquo;\u00e9tudes !<br><br>Le tout num\u00e9rique, est ce vraiment possible ?<br>Le tout num\u00e9rique, certes &#8230; mais pourquoi ?<br>Et nous, on en est o\u00f9 en France ? \ud83c\udde8\ud83c\uddf5<br><br>\u27a1\ufe0f Rendez-vous le 11 \u1d0a\u1d1c\u026a\u0274 \u00e0 18\u029c15 \u00e0 Mulhouse pour en discuter avec nous apr\u00e8s une intervention de <a href=\"https:\/\/www.linkedin.com\/in\/ACoAAAL-M-8Bhgrwh2QhvxlmaUoT2_n7selKEqA\"><\/a><a href=\"https:\/\/www.linkedin.com\/in\/jessica-vonderscher\/\">Jessica VONDERSCHER<\/a>, <a href=\"https:\/\/www.linkedin.com\/in\/ACoAAA5HLeEBVc8ZV2I6ZEUS44zzVr2UuSRAtV0\"><\/a><a href=\"https:\/\/www.linkedin.com\/in\/jean-philippe-sengelin-08128268\/\">Jean-Philippe Sengelin<\/a> et <a href=\"https:\/\/www.linkedin.com\/company\/sim-mulhouse\/\">SIM &#8211; Soci\u00e9t\u00e9 industrielle de Mulhouse<\/a><\/p>\n\n\n\n<figure class=\"wp-block-image size-large\"><a href=\"https:\/\/www.sim.asso.fr\/11-06-les-rencontres-de-la-sim-et-du-comite-walden\/\"><img loading=\"lazy\" decoding=\"async\" width=\"1024\" height=\"295\" src=\"https:\/\/dev.collectifwalden.com\/blog\/wp-content\/uploads\/2024\/12\/BLOG-WALDEN-191224-1024x295.jpg\" alt=\"\" class=\"wp-image-36\" srcset=\"https:\/\/dev.collectifwalden.com\/blog\/wp-content\/uploads\/2024\/12\/BLOG-WALDEN-191224-1024x295.jpg 1024w, https:\/\/dev.collectifwalden.com\/blog\/wp-content\/uploads\/2024\/12\/BLOG-WALDEN-191224-300x86.jpg 300w, https:\/\/dev.collectifwalden.com\/blog\/wp-content\/uploads\/2024\/12\/BLOG-WALDEN-191224.jpg 1896w\" sizes=\"auto, (max-width: 1024px) 100vw, 1024px\" \/><\/a><\/figure>\n","protected":false},"excerpt":{"rendered":"<p>Explorons ensemble les cl\u00e9s du succ\u00e8s Estonien avec un retour en images sur notre dernier voyage d&rsquo;\u00e9tudes !<\/p>\n","protected":false},"author":3,"featured_media":39,"comment_status":"closed","ping_status":"open","sticky":false,"template":"","format":"standard","meta":{"footnotes":""},"categories":[4],"tags":[],"class_list":["post-35","post","type-post","status-publish","format-standard","has-post-thumbnail","hentry","category-evenements"],"_links":{"self":[{"href":"https:\/\/dev.collectifwalden.com\/blog\/wp-json\/wp\/v2\/posts\/35","targetHints":{"allow":["GET"]}}],"collection":[{"href":"https:\/\/dev.collectifwalden.com\/blog\/wp-json\/wp\/v2\/posts"}],"about":[{"href":"https:\/\/dev.collectifwalden.com\/blog\/wp-json\/wp\/v2\/types\/post"}],"author":[{"embeddable":true,"href":"https:\/\/dev.collectifwalden.com\/blog\/wp-json\/wp\/v2\/users\/3"}],"replies":[{"embeddable":true,"href":"https:\/\/dev.collectifwalden.com\/blog\/wp-json\/wp\/v2\/comments?post=35"}],"version-history":[{"count":1,"href":"https:\/\/dev.collectifwalden.com\/blog\/wp-json\/wp\/v2\/posts\/35\/revisions"}],"predecessor-version":[{"id":40,"href":"https:\/\/dev.collectifwalden.com\/blog\/wp-json\/wp\/v2\/posts\/35\/revisions\/40"}],"wp:featuredmedia":[{"embeddable":true,"href":"https:\/\/dev.collectifwalden.com\/blog\/wp-json\/wp\/v2\/media\/39"}],"wp:attachment":[{"href":"https:\/\/dev.collectifwalden.com\/blog\/wp-json\/wp\/v2\/media?parent=35"}],"wp:term":[{"taxonomy":"category","embeddable":true,"href":"https:\/\/dev.collectifwalden.com\/blog\/wp-json\/wp\/v2\/categories?post=35"},{"taxonomy":"post_tag","embeddable":true,"href":"https:\/\/dev.collectifwalden.com\/blog\/wp-json\/wp\/v2\/tags?post=35"}],"curies":[{"name":"wp","href":"https:\/\/api.w.org\/{rel}","templated":true}]}}